{"id":466,"date":"2020-02-11T17:09:17","date_gmt":"2020-02-11T16:09:17","guid":{"rendered":"http:\/\/cmediterraneo.com\/?p=466"},"modified":"2021-03-03T08:32:34","modified_gmt":"2021-03-03T07:32:34","slug":"nuestra-nutri-participa-en-la-publicacion-de-la-via-de-recuperacion-intensificada-en-cirugia-esofagogastrica","status":"publish","type":"post","link":"https:\/\/cmediterraneo.com\/?p=466","title":{"rendered":"Nuestra nutri participa en la publicaci\u00f3n de la v\u00eda de Recuperaci\u00f3n Intensificada en Cirug\u00eda Esofagog\u00e1strica"},"content":{"rendered":"\n<p><\/p>\n\n\n\n<p><br>Tenemos noticias espectaculares. Nuestra nutricionista Lluch Escudero y todos sus compa\u00f1eros del equipo de investigaci\u00f3n del grupo GERM, acaban de publicar la v\u00eda de Recuperaci\u00f3n Intensificada en Cirug\u00eda Esofagog\u00e1strica. Dicho documento, fruto de muchas horas de esfuerzo, congresos, trabajo y estudio, representa un plan asistencial y protocolizado para antes, durante y despu\u00e9s de la cirug\u00eda en los procedimientos quir\u00fargicos de esofaguectom\u00eda y gastrectom\u00eda (total y subtotal). La v\u00eda&nbsp;se present\u00f3 ayer en el III Congreso Nacional de Rehabilitaci\u00f3n Multimodal en Salamanca.<\/p>\n\n\n\n<p>Esto ya ha empezado a implantarse en muchos hospitales de toda Espa\u00f1a.&nbsp;<\/p>\n\n\n\n<p>\u00a1ENHORABUENA A TODOS LOS AUTORES!<br>\ud83d\udc4f\ud83d\udc4f\ud83d\udc4f<br>Pod\u00e9is encontrar el libro en la web del equipo:<br><a href=\"https:\/\/l.facebook.com\/l.php?u=http%3A%2F%2Fwww.grupogerm.es%2F%3Ffbclid%3DIwAR0TyH4nr2sr53OO0odB-3635WqBUABCb2RC_4RrUHm1afnT6AOn2fQ94cc&amp;h=AT31-nfqGm2FoQKwU6QaVLgQ9s0wcNjlEXiVN24R9QZr56e7bjedTmq0zV_U4mBJIO8SHa7ekg82h3_FMZsHdnGae99ViX12FtD1o2R7vfKehEJZHxNsigiKUIdmpLnerdX9oLbS6d11O7kxdMgsmnYX_S2Wj73DcaJp_t060JQfX3toXJjGVOCqkAGKzm478IsChPkCsB8BBQX4ANTrLq0yIwXpOBrD0IHk37sjzcsvnZmDTmxf_oFM7K-BorjtL9TCslg9Y2YWkRHrbQwHy7HB1Q4L-hrkUwdavStrJ8Nlg2bbIYWXE1ysZW923yccmT_DVVLe0GqB-7pCs8RHcAtIMJRmf_tshCgHo6Wng3OV5tsIs0_5MnBfgEyKGMa6sS-8i8QsOW3J_HN9wksnVnpYMuH6PBINkW4_gau24vWDxQICGj3K6PRCa0kUvC2W_lB7VYpIFtrrSz948u_Zsxy8JsGgAXc70OpcyEGFDSSh1wMbAlsQrGPJ33ZR6JUs3fC_v16wUkNqh9yh6UgdC6LnIExE5RBrl2fgvwvM2kZ1heXg4s4zOS0BP77Q2pyet5bphGRHaCd_oRBtnNnLM8V-4Y9JgRgmD_HpMBJzySqJ0bjJz6P41V2hr6o0XQ8ma6YJHMjRUdbtrw9GtCx8BqshiabnRlVYml7UUuy4Iv2sUc5sC_1f9_EYoTyGh-l3gE39LlKYivMYmUD0xVsi6Uy6YZSE-hOhoMUwKKLvy20IK1TeXn8hyAWH4wc\" target=\"_blank\" rel=\"noreferrer noopener\">www.grupogerm.es<\/a><\/p>\n","protected":false},"excerpt":{"rendered":"<p>Tenemos noticias espectaculares. Nuestra nutricionista Lluch Escudero y todos sus compa\u00f1eros del equipo de investigaci\u00f3n del grupo GERM, acaban de publicar la v\u00eda de Recuperaci\u00f3n Intensificada en Cirug\u00eda Esofagog\u00e1strica. Dicho documento, fruto de muchas horas de esfuerzo, congresos, trabajo y estudio, representa un plan asistencial y protocolizado para antes, durante y despu\u00e9s de la cirug\u00eda&hellip; <\/p>\n","protected":false},"author":1,"featured_media":436,"comment_status":"open","ping_status":"open","sticky":false,"template":"","format":"standard","meta":{"footnotes":""},"categories":[6],"tags":[12,10,11,14,15,13],"class_list":["post-466","post","type-post","status-publish","format-standard","has-post-thumbnail","hentry","category-noticias","tag-alzira","tag-dieta","tag-dietista","tag-nutricion","tag-nutricionista","tag-valencia"],"yoast_head":"<!-- This site is optimized with the Yoast SEO plugin v26.7 - https:\/\/yoast.com\/wordpress\/plugins\/seo\/ -->\n<title>Nuestra nutri participa en la publicaci\u00f3n de la v\u00eda de Recuperaci\u00f3n Intensificada en Cirug\u00eda Esofagog\u00e1strica - Centro Mediterr\u00e1neo<\/title>\n<meta name=\"robots\" content=\"index, follow, max-snippet:-1, max-image-preview:large, max-video-preview:-1\" \/>\n<link rel=\"canonical\" href=\"https:\/\/cmediterraneo.com\/?p=466\" \/>\n<meta property=\"og:locale\" content=\"es_ES\" \/>\n<meta property=\"og:type\" content=\"article\" \/>\n<meta property=\"og:title\" content=\"Nuestra nutri participa en la publicaci\u00f3n de la v\u00eda de Recuperaci\u00f3n Intensificada en Cirug\u00eda Esofagog\u00e1strica - Centro Mediterr\u00e1neo\" \/>\n<meta property=\"og:description\" content=\"Tenemos noticias espectaculares. Nuestra nutricionista Lluch Escudero y todos sus compa\u00f1eros del equipo de investigaci\u00f3n del grupo GERM, acaban de publicar la v\u00eda de Recuperaci\u00f3n Intensificada en Cirug\u00eda Esofagog\u00e1strica. Dicho documento, fruto de muchas horas de esfuerzo, congresos, trabajo y estudio, representa un plan asistencial y protocolizado para antes, durante y despu\u00e9s de la cirug\u00eda&hellip;\" \/>\n<meta property=\"og:url\" content=\"https:\/\/cmediterraneo.com\/?p=466\" \/>\n<meta property=\"og:site_name\" content=\"Centro Mediterr\u00e1neo\" \/>\n<meta property=\"article:published_time\" content=\"2020-02-11T16:09:17+00:00\" \/>\n<meta property=\"article:modified_time\" content=\"2021-03-03T07:32:34+00:00\" \/>\n<meta property=\"og:image\" content=\"https:\/\/cmediterraneo.com\/wp-content\/uploads\/2020\/02\/Captura-de-pantalla-2020-02-11-a-las-13.23.34-e1622533037506.png\" \/>\n\t<meta property=\"og:image:width\" content=\"200\" \/>\n\t<meta property=\"og:image:height\" content=\"192\" \/>\n\t<meta property=\"og:image:type\" content=\"image\/png\" \/>\n<meta name=\"author\" content=\"admin1147\" \/>\n<meta name=\"twitter:card\" content=\"summary_large_image\" \/>\n<meta name=\"twitter:label1\" content=\"Escrito por\" \/>\n\t<meta name=\"twitter:data1\" content=\"admin1147\" \/>\n\t<meta name=\"twitter:label2\" content=\"Tiempo de lectura\" \/>\n\t<meta name=\"twitter:data2\" content=\"1 minuto\" \/>\n<script type=\"application\/ld+json\" class=\"yoast-schema-graph\">{\"@context\":\"https:\/\/schema.org\",\"@graph\":[{\"@type\":\"Article\",\"@id\":\"https:\/\/cmediterraneo.com\/?p=466#article\",\"isPartOf\":{\"@id\":\"https:\/\/cmediterraneo.com\/?p=466\"},\"author\":{\"name\":\"admin1147\",\"@id\":\"https:\/\/cmediterraneo.com\/#\/schema\/person\/fb117c80cc1420bf33ef6867dc471d2c\"},\"headline\":\"Nuestra nutri participa en la publicaci\u00f3n de la v\u00eda de Recuperaci\u00f3n Intensificada en Cirug\u00eda Esofagog\u00e1strica\",\"datePublished\":\"2020-02-11T16:09:17+00:00\",\"dateModified\":\"2021-03-03T07:32:34+00:00\",\"mainEntityOfPage\":{\"@id\":\"https:\/\/cmediterraneo.com\/?p=466\"},\"wordCount\":147,\"commentCount\":0,\"publisher\":{\"@id\":\"https:\/\/cmediterraneo.com\/#organization\"},\"image\":{\"@id\":\"https:\/\/cmediterraneo.com\/?p=466#primaryimage\"},\"thumbnailUrl\":\"https:\/\/cmediterraneo.com\/wp-content\/uploads\/2020\/02\/Captura-de-pantalla-2020-02-11-a-las-13.23.34-e1622533037506.png\",\"keywords\":[\"alzira\",\"dieta\",\"dietista\",\"nutricion\",\"nutricionista\",\"valencia\"],\"articleSection\":[\"Noticias\"],\"inLanguage\":\"es\",\"potentialAction\":[{\"@type\":\"CommentAction\",\"name\":\"Comment\",\"target\":[\"https:\/\/cmediterraneo.com\/?p=466#respond\"]}]},{\"@type\":\"WebPage\",\"@id\":\"https:\/\/cmediterraneo.com\/?p=466\",\"url\":\"https:\/\/cmediterraneo.com\/?p=466\",\"name\":\"Nuestra nutri participa en la publicaci\u00f3n de la v\u00eda de Recuperaci\u00f3n Intensificada en Cirug\u00eda Esofagog\u00e1strica - Centro Mediterr\u00e1neo\",\"isPartOf\":{\"@id\":\"https:\/\/cmediterraneo.com\/#website\"},\"primaryImageOfPage\":{\"@id\":\"https:\/\/cmediterraneo.com\/?p=466#primaryimage\"},\"image\":{\"@id\":\"https:\/\/cmediterraneo.com\/?p=466#primaryimage\"},\"thumbnailUrl\":\"https:\/\/cmediterraneo.com\/wp-content\/uploads\/2020\/02\/Captura-de-pantalla-2020-02-11-a-las-13.23.34-e1622533037506.png\",\"datePublished\":\"2020-02-11T16:09:17+00:00\",\"dateModified\":\"2021-03-03T07:32:34+00:00\",\"breadcrumb\":{\"@id\":\"https:\/\/cmediterraneo.com\/?p=466#breadcrumb\"},\"inLanguage\":\"es\",\"potentialAction\":[{\"@type\":\"ReadAction\",\"target\":[\"https:\/\/cmediterraneo.com\/?p=466\"]}]},{\"@type\":\"ImageObject\",\"inLanguage\":\"es\",\"@id\":\"https:\/\/cmediterraneo.com\/?p=466#primaryimage\",\"url\":\"https:\/\/cmediterraneo.com\/wp-content\/uploads\/2020\/02\/Captura-de-pantalla-2020-02-11-a-las-13.23.34-e1622533037506.png\",\"contentUrl\":\"https:\/\/cmediterraneo.com\/wp-content\/uploads\/2020\/02\/Captura-de-pantalla-2020-02-11-a-las-13.23.34-e1622533037506.png\",\"width\":200,\"height\":192},{\"@type\":\"BreadcrumbList\",\"@id\":\"https:\/\/cmediterraneo.com\/?p=466#breadcrumb\",\"itemListElement\":[{\"@type\":\"ListItem\",\"position\":1,\"name\":\"Portada\",\"item\":\"https:\/\/cmediterraneo.com\/\"},{\"@type\":\"ListItem\",\"position\":2,\"name\":\"Nuestra nutri participa en la publicaci\u00f3n de la v\u00eda de Recuperaci\u00f3n Intensificada en Cirug\u00eda Esofagog\u00e1strica\"}]},{\"@type\":\"WebSite\",\"@id\":\"https:\/\/cmediterraneo.com\/#website\",\"url\":\"https:\/\/cmediterraneo.com\/\",\"name\":\"Centro Mediterr\u00e1neo\",\"description\":\"Diet\u00e9tica y Nutrici\u00f3n\",\"publisher\":{\"@id\":\"https:\/\/cmediterraneo.com\/#organization\"},\"potentialAction\":[{\"@type\":\"SearchAction\",\"target\":{\"@type\":\"EntryPoint\",\"urlTemplate\":\"https:\/\/cmediterraneo.com\/?s={search_term_string}\"},\"query-input\":{\"@type\":\"PropertyValueSpecification\",\"valueRequired\":true,\"valueName\":\"search_term_string\"}}],\"inLanguage\":\"es\"},{\"@type\":\"Organization\",\"@id\":\"https:\/\/cmediterraneo.com\/#organization\",\"name\":\"Centro Mediterr\u00e1neo cl\u00ednica multidisciplinar\",\"url\":\"https:\/\/cmediterraneo.com\/\",\"logo\":{\"@type\":\"ImageObject\",\"inLanguage\":\"es\",\"@id\":\"https:\/\/cmediterraneo.com\/#\/schema\/logo\/image\/\",\"url\":\"https:\/\/cmediterraneo.com\/wp-content\/uploads\/2026\/01\/cropped-Diseno-sin-titulo-4.png\",\"contentUrl\":\"https:\/\/cmediterraneo.com\/wp-content\/uploads\/2026\/01\/cropped-Diseno-sin-titulo-4.png\",\"width\":1563,\"height\":1082,\"caption\":\"Centro Mediterr\u00e1neo cl\u00ednica multidisciplinar\"},\"image\":{\"@id\":\"https:\/\/cmediterraneo.com\/#\/schema\/logo\/image\/\"},\"sameAs\":[\"https:\/\/www.instagram.com\/centro_mediterraneo\/\"]},{\"@type\":\"Person\",\"@id\":\"https:\/\/cmediterraneo.com\/#\/schema\/person\/fb117c80cc1420bf33ef6867dc471d2c\",\"name\":\"admin1147\",\"image\":{\"@type\":\"ImageObject\",\"inLanguage\":\"es\",\"@id\":\"https:\/\/cmediterraneo.com\/#\/schema\/person\/image\/\",\"url\":\"https:\/\/secure.gravatar.com\/avatar\/a04192ecd91b9a87dd111315ffb6e3aaa9772e6aecc5bcd65e9fc89b7e54dc60?s=96&d=mm&r=g\",\"contentUrl\":\"https:\/\/secure.gravatar.com\/avatar\/a04192ecd91b9a87dd111315ffb6e3aaa9772e6aecc5bcd65e9fc89b7e54dc60?s=96&d=mm&r=g\",\"caption\":\"admin1147\"},\"url\":\"https:\/\/cmediterraneo.com\/?author=1\"}]}<\/script>\n<!-- \/ Yoast SEO plugin. -->","yoast_head_json":{"title":"Nuestra nutri participa en la publicaci\u00f3n de la v\u00eda de Recuperaci\u00f3n Intensificada en Cirug\u00eda Esofagog\u00e1strica - Centro Mediterr\u00e1neo","robots":{"index":"index","follow":"follow","max-snippet":"max-snippet:-1","max-image-preview":"max-image-preview:large","max-video-preview":"max-video-preview:-1"},"canonical":"https:\/\/cmediterraneo.com\/?p=466","og_locale":"es_ES","og_type":"article","og_title":"Nuestra nutri participa en la publicaci\u00f3n de la v\u00eda de Recuperaci\u00f3n Intensificada en Cirug\u00eda Esofagog\u00e1strica - Centro Mediterr\u00e1neo","og_description":"Tenemos noticias espectaculares. Nuestra nutricionista Lluch Escudero y todos sus compa\u00f1eros del equipo de investigaci\u00f3n del grupo GERM, acaban de publicar la v\u00eda de Recuperaci\u00f3n Intensificada en Cirug\u00eda Esofagog\u00e1strica. Dicho documento, fruto de muchas horas de esfuerzo, congresos, trabajo y estudio, representa un plan asistencial y protocolizado para antes, durante y despu\u00e9s de la cirug\u00eda&hellip;","og_url":"https:\/\/cmediterraneo.com\/?p=466","og_site_name":"Centro Mediterr\u00e1neo","article_published_time":"2020-02-11T16:09:17+00:00","article_modified_time":"2021-03-03T07:32:34+00:00","og_image":[{"width":200,"height":192,"url":"https:\/\/cmediterraneo.com\/wp-content\/uploads\/2020\/02\/Captura-de-pantalla-2020-02-11-a-las-13.23.34-e1622533037506.png","type":"image\/png"}],"author":"admin1147","twitter_card":"summary_large_image","twitter_misc":{"Escrito por":"admin1147","Tiempo de lectura":"1 minuto"},"schema":{"@context":"https:\/\/schema.org","@graph":[{"@type":"Article","@id":"https:\/\/cmediterraneo.com\/?p=466#article","isPartOf":{"@id":"https:\/\/cmediterraneo.com\/?p=466"},"author":{"name":"admin1147","@id":"https:\/\/cmediterraneo.com\/#\/schema\/person\/fb117c80cc1420bf33ef6867dc471d2c"},"headline":"Nuestra nutri participa en la publicaci\u00f3n de la v\u00eda de Recuperaci\u00f3n Intensificada en Cirug\u00eda Esofagog\u00e1strica","datePublished":"2020-02-11T16:09:17+00:00","dateModified":"2021-03-03T07:32:34+00:00","mainEntityOfPage":{"@id":"https:\/\/cmediterraneo.com\/?p=466"},"wordCount":147,"commentCount":0,"publisher":{"@id":"https:\/\/cmediterraneo.com\/#organization"},"image":{"@id":"https:\/\/cmediterraneo.com\/?p=466#primaryimage"},"thumbnailUrl":"https:\/\/cmediterraneo.com\/wp-content\/uploads\/2020\/02\/Captura-de-pantalla-2020-02-11-a-las-13.23.34-e1622533037506.png","keywords":["alzira","dieta","dietista","nutricion","nutricionista","valencia"],"articleSection":["Noticias"],"inLanguage":"es","potentialAction":[{"@type":"CommentAction","name":"Comment","target":["https:\/\/cmediterraneo.com\/?p=466#respond"]}]},{"@type":"WebPage","@id":"https:\/\/cmediterraneo.com\/?p=466","url":"https:\/\/cmediterraneo.com\/?p=466","name":"Nuestra nutri participa en la publicaci\u00f3n de la v\u00eda de Recuperaci\u00f3n Intensificada en Cirug\u00eda Esofagog\u00e1strica - Centro Mediterr\u00e1neo","isPartOf":{"@id":"https:\/\/cmediterraneo.com\/#website"},"primaryImageOfPage":{"@id":"https:\/\/cmediterraneo.com\/?p=466#primaryimage"},"image":{"@id":"https:\/\/cmediterraneo.com\/?p=466#primaryimage"},"thumbnailUrl":"https:\/\/cmediterraneo.com\/wp-content\/uploads\/2020\/02\/Captura-de-pantalla-2020-02-11-a-las-13.23.34-e1622533037506.png","datePublished":"2020-02-11T16:09:17+00:00","dateModified":"2021-03-03T07:32:34+00:00","breadcrumb":{"@id":"https:\/\/cmediterraneo.com\/?p=466#breadcrumb"},"inLanguage":"es","potentialAction":[{"@type":"ReadAction","target":["https:\/\/cmediterraneo.com\/?p=466"]}]},{"@type":"ImageObject","inLanguage":"es","@id":"https:\/\/cmediterraneo.com\/?p=466#primaryimage","url":"https:\/\/cmediterraneo.com\/wp-content\/uploads\/2020\/02\/Captura-de-pantalla-2020-02-11-a-las-13.23.34-e1622533037506.png","contentUrl":"https:\/\/cmediterraneo.com\/wp-content\/uploads\/2020\/02\/Captura-de-pantalla-2020-02-11-a-las-13.23.34-e1622533037506.png","width":200,"height":192},{"@type":"BreadcrumbList","@id":"https:\/\/cmediterraneo.com\/?p=466#breadcrumb","itemListElement":[{"@type":"ListItem","position":1,"name":"Portada","item":"https:\/\/cmediterraneo.com\/"},{"@type":"ListItem","position":2,"name":"Nuestra nutri participa en la publicaci\u00f3n de la v\u00eda de Recuperaci\u00f3n Intensificada en Cirug\u00eda Esofagog\u00e1strica"}]},{"@type":"WebSite","@id":"https:\/\/cmediterraneo.com\/#website","url":"https:\/\/cmediterraneo.com\/","name":"Centro Mediterr\u00e1neo","description":"Diet\u00e9tica y Nutrici\u00f3n","publisher":{"@id":"https:\/\/cmediterraneo.com\/#organization"},"potentialAction":[{"@type":"SearchAction","target":{"@type":"EntryPoint","urlTemplate":"https:\/\/cmediterraneo.com\/?s={search_term_string}"},"query-input":{"@type":"PropertyValueSpecification","valueRequired":true,"valueName":"search_term_string"}}],"inLanguage":"es"},{"@type":"Organization","@id":"https:\/\/cmediterraneo.com\/#organization","name":"Centro Mediterr\u00e1neo cl\u00ednica multidisciplinar","url":"https:\/\/cmediterraneo.com\/","logo":{"@type":"ImageObject","inLanguage":"es","@id":"https:\/\/cmediterraneo.com\/#\/schema\/logo\/image\/","url":"https:\/\/cmediterraneo.com\/wp-content\/uploads\/2026\/01\/cropped-Diseno-sin-titulo-4.png","contentUrl":"https:\/\/cmediterraneo.com\/wp-content\/uploads\/2026\/01\/cropped-Diseno-sin-titulo-4.png","width":1563,"height":1082,"caption":"Centro Mediterr\u00e1neo cl\u00ednica multidisciplinar"},"image":{"@id":"https:\/\/cmediterraneo.com\/#\/schema\/logo\/image\/"},"sameAs":["https:\/\/www.instagram.com\/centro_mediterraneo\/"]},{"@type":"Person","@id":"https:\/\/cmediterraneo.com\/#\/schema\/person\/fb117c80cc1420bf33ef6867dc471d2c","name":"admin1147","image":{"@type":"ImageObject","inLanguage":"es","@id":"https:\/\/cmediterraneo.com\/#\/schema\/person\/image\/","url":"https:\/\/secure.gravatar.com\/avatar\/a04192ecd91b9a87dd111315ffb6e3aaa9772e6aecc5bcd65e9fc89b7e54dc60?s=96&d=mm&r=g","contentUrl":"https:\/\/secure.gravatar.com\/avatar\/a04192ecd91b9a87dd111315ffb6e3aaa9772e6aecc5bcd65e9fc89b7e54dc60?s=96&d=mm&r=g","caption":"admin1147"},"url":"https:\/\/cmediterraneo.com\/?author=1"}]}},"_links":{"self":[{"href":"https:\/\/cmediterraneo.com\/index.php?rest_route=\/wp\/v2\/posts\/466","targetHints":{"allow":["GET"]}}],"collection":[{"href":"https:\/\/cmediterraneo.com\/index.php?rest_route=\/wp\/v2\/posts"}],"about":[{"href":"https:\/\/cmediterraneo.com\/index.php?rest_route=\/wp\/v2\/types\/post"}],"author":[{"embeddable":true,"href":"https:\/\/cmediterraneo.com\/index.php?rest_route=\/wp\/v2\/users\/1"}],"replies":[{"embeddable":true,"href":"https:\/\/cmediterraneo.com\/index.php?rest_route=%2Fwp%2Fv2%2Fcomments&post=466"}],"version-history":[{"count":8,"href":"https:\/\/cmediterraneo.com\/index.php?rest_route=\/wp\/v2\/posts\/466\/revisions"}],"predecessor-version":[{"id":557,"href":"https:\/\/cmediterraneo.com\/index.php?rest_route=\/wp\/v2\/posts\/466\/revisions\/557"}],"wp:featuredmedia":[{"embeddable":true,"href":"https:\/\/cmediterraneo.com\/index.php?rest_route=\/wp\/v2\/media\/436"}],"wp:attachment":[{"href":"https:\/\/cmediterraneo.com\/index.php?rest_route=%2Fwp%2Fv2%2Fmedia&parent=466"}],"wp:term":[{"taxonomy":"category","embeddable":true,"href":"https:\/\/cmediterraneo.com\/index.php?rest_route=%2Fwp%2Fv2%2Fcategories&post=466"},{"taxonomy":"post_tag","embeddable":true,"href":"https:\/\/cmediterraneo.com\/index.php?rest_route=%2Fwp%2Fv2%2Ftags&post=466"}],"curies":[{"name":"wp","href":"https:\/\/api.w.org\/{rel}","templated":true}]}}