{"id":233,"date":"2017-10-25T17:28:35","date_gmt":"2017-10-25T15:28:35","guid":{"rendered":"http:\/\/cmediterraneo.com\/?p=233"},"modified":"2017-11-21T21:04:36","modified_gmt":"2017-11-21T20:04:36","slug":"centro-mediterraneo-hablando-sobre-aditivos-alimentarios","status":"publish","type":"post","link":"https:\/\/cmediterraneo.com\/?p=233","title":{"rendered":"Centro mediterr\u00e1neo hablando sobre aditivos alimentarios"},"content":{"rendered":"<p>Nuestra nutri Lluch Escudero particip\u00f3 como ponente en las jornadas organizadas por UNAE consumo Valencia y la asociaci\u00f3n Espa\u00f1ola de personas con alergia a alimentos y l\u00e1tex. Nuestra nutri habl\u00f3 y resolvi\u00f3 dudas acerca de los aditivos alimentarios que est\u00e1n presentes en nuestra dieta.<\/p>\n<p>Desde Centro Mediterr\u00e1neo queremos dar las gracias a todo el p\u00fablico asistente por su inter\u00e9s, disfrutamos much\u00edsimo y nos sentimos en todo momento como en casa, \u00a1GRACIAS A TODOS!<\/p>\n<p>Enhorabuena a todos los ponentes y a los organizadores de las jornadas, fueron estupendas.<\/p>\n<p>&nbsp;<\/p>\n<div class=\"text_exposed_show\">\n<div>[smartslider3 slider=4]<\/div>\n<\/div>\n","protected":false},"excerpt":{"rendered":"<p>Nuestra nutri Lluch Escudero particip\u00f3 como ponente en las jornadas organizadas por UNAE consumo Valencia y la asociaci\u00f3n Espa\u00f1ola de personas con alergia a alimentos y l\u00e1tex. Nuestra nutri habl\u00f3 y resolvi\u00f3 dudas acerca de los aditivos alimentarios que est\u00e1n presentes en nuestra dieta. Desde Centro Mediterr\u00e1neo queremos dar las gracias a todo el p\u00fablico&hellip; <\/p>\n","protected":false},"author":1,"featured_media":239,"comment_status":"open","ping_status":"open","sticky":false,"template":"","format":"standard","meta":{"footnotes":""},"categories":[6],"tags":[],"class_list":["post-233","post","type-post","status-publish","format-standard","has-post-thumbnail","hentry","category-noticias"],"yoast_head":"<!-- This site is optimized with the Yoast SEO plugin v26.7 - https:\/\/yoast.com\/wordpress\/plugins\/seo\/ -->\n<title>Centro mediterr\u00e1neo hablando sobre aditivos alimentarios - Centro Mediterr\u00e1neo<\/title>\n<meta name=\"robots\" content=\"index, follow, max-snippet:-1, max-image-preview:large, max-video-preview:-1\" \/>\n<link rel=\"canonical\" href=\"https:\/\/cmediterraneo.com\/?p=233\" \/>\n<meta property=\"og:locale\" content=\"es_ES\" \/>\n<meta property=\"og:type\" content=\"article\" \/>\n<meta property=\"og:title\" content=\"Centro mediterr\u00e1neo hablando sobre aditivos alimentarios - Centro Mediterr\u00e1neo\" \/>\n<meta property=\"og:description\" content=\"Nuestra nutri Lluch Escudero particip\u00f3 como ponente en las jornadas organizadas por UNAE consumo Valencia y la asociaci\u00f3n Espa\u00f1ola de personas con alergia a alimentos y l\u00e1tex. Nuestra nutri habl\u00f3 y resolvi\u00f3 dudas acerca de los aditivos alimentarios que est\u00e1n presentes en nuestra dieta. Desde Centro Mediterr\u00e1neo queremos dar las gracias a todo el p\u00fablico&hellip;\" \/>\n<meta property=\"og:url\" content=\"https:\/\/cmediterraneo.com\/?p=233\" \/>\n<meta property=\"og:site_name\" content=\"Centro Mediterr\u00e1neo\" \/>\n<meta property=\"article:published_time\" content=\"2017-10-25T15:28:35+00:00\" \/>\n<meta property=\"article:modified_time\" content=\"2017-11-21T20:04:36+00:00\" \/>\n<meta property=\"og:image\" content=\"https:\/\/cmediterraneo.com\/wp-content\/uploads\/2017\/11\/23213059_219531098584271_2958645584170299063_o.jpg\" \/>\n\t<meta property=\"og:image:width\" content=\"2048\" \/>\n\t<meta property=\"og:image:height\" content=\"1536\" \/>\n\t<meta property=\"og:image:type\" content=\"image\/jpeg\" \/>\n<meta name=\"author\" content=\"admin1147\" \/>\n<meta name=\"twitter:card\" content=\"summary_large_image\" \/>\n<meta name=\"twitter:label1\" content=\"Escrito por\" \/>\n\t<meta name=\"twitter:data1\" content=\"admin1147\" \/>\n<script type=\"application\/ld+json\" class=\"yoast-schema-graph\">{\"@context\":\"https:\/\/schema.org\",\"@graph\":[{\"@type\":\"Article\",\"@id\":\"https:\/\/cmediterraneo.com\/?p=233#article\",\"isPartOf\":{\"@id\":\"https:\/\/cmediterraneo.com\/?p=233\"},\"author\":{\"name\":\"admin1147\",\"@id\":\"https:\/\/cmediterraneo.com\/#\/schema\/person\/fb117c80cc1420bf33ef6867dc471d2c\"},\"headline\":\"Centro mediterr\u00e1neo hablando sobre aditivos alimentarios\",\"datePublished\":\"2017-10-25T15:28:35+00:00\",\"dateModified\":\"2017-11-21T20:04:36+00:00\",\"mainEntityOfPage\":{\"@id\":\"https:\/\/cmediterraneo.com\/?p=233\"},\"wordCount\":105,\"commentCount\":0,\"publisher\":{\"@id\":\"https:\/\/cmediterraneo.com\/#organization\"},\"image\":{\"@id\":\"https:\/\/cmediterraneo.com\/?p=233#primaryimage\"},\"thumbnailUrl\":\"https:\/\/cmediterraneo.com\/wp-content\/uploads\/2017\/11\/23213059_219531098584271_2958645584170299063_o.jpg\",\"articleSection\":[\"Noticias\"],\"inLanguage\":\"es\",\"potentialAction\":[{\"@type\":\"CommentAction\",\"name\":\"Comment\",\"target\":[\"https:\/\/cmediterraneo.com\/?p=233#respond\"]}]},{\"@type\":\"WebPage\",\"@id\":\"https:\/\/cmediterraneo.com\/?p=233\",\"url\":\"https:\/\/cmediterraneo.com\/?p=233\",\"name\":\"Centro mediterr\u00e1neo hablando sobre aditivos alimentarios - Centro Mediterr\u00e1neo\",\"isPartOf\":{\"@id\":\"https:\/\/cmediterraneo.com\/#website\"},\"primaryImageOfPage\":{\"@id\":\"https:\/\/cmediterraneo.com\/?p=233#primaryimage\"},\"image\":{\"@id\":\"https:\/\/cmediterraneo.com\/?p=233#primaryimage\"},\"thumbnailUrl\":\"https:\/\/cmediterraneo.com\/wp-content\/uploads\/2017\/11\/23213059_219531098584271_2958645584170299063_o.jpg\",\"datePublished\":\"2017-10-25T15:28:35+00:00\",\"dateModified\":\"2017-11-21T20:04:36+00:00\",\"breadcrumb\":{\"@id\":\"https:\/\/cmediterraneo.com\/?p=233#breadcrumb\"},\"inLanguage\":\"es\",\"potentialAction\":[{\"@type\":\"ReadAction\",\"target\":[\"https:\/\/cmediterraneo.com\/?p=233\"]}]},{\"@type\":\"ImageObject\",\"inLanguage\":\"es\",\"@id\":\"https:\/\/cmediterraneo.com\/?p=233#primaryimage\",\"url\":\"https:\/\/cmediterraneo.com\/wp-content\/uploads\/2017\/11\/23213059_219531098584271_2958645584170299063_o.jpg\",\"contentUrl\":\"https:\/\/cmediterraneo.com\/wp-content\/uploads\/2017\/11\/23213059_219531098584271_2958645584170299063_o.jpg\",\"width\":2048,\"height\":1536},{\"@type\":\"BreadcrumbList\",\"@id\":\"https:\/\/cmediterraneo.com\/?p=233#breadcrumb\",\"itemListElement\":[{\"@type\":\"ListItem\",\"position\":1,\"name\":\"Portada\",\"item\":\"https:\/\/cmediterraneo.com\/\"},{\"@type\":\"ListItem\",\"position\":2,\"name\":\"Centro mediterr\u00e1neo hablando sobre aditivos alimentarios\"}]},{\"@type\":\"WebSite\",\"@id\":\"https:\/\/cmediterraneo.com\/#website\",\"url\":\"https:\/\/cmediterraneo.com\/\",\"name\":\"Centro Mediterr\u00e1neo\",\"description\":\"Diet\u00e9tica y Nutrici\u00f3n\",\"publisher\":{\"@id\":\"https:\/\/cmediterraneo.com\/#organization\"},\"potentialAction\":[{\"@type\":\"SearchAction\",\"target\":{\"@type\":\"EntryPoint\",\"urlTemplate\":\"https:\/\/cmediterraneo.com\/?s={search_term_string}\"},\"query-input\":{\"@type\":\"PropertyValueSpecification\",\"valueRequired\":true,\"valueName\":\"search_term_string\"}}],\"inLanguage\":\"es\"},{\"@type\":\"Organization\",\"@id\":\"https:\/\/cmediterraneo.com\/#organization\",\"name\":\"Centro Mediterr\u00e1neo cl\u00ednica multidisciplinar\",\"url\":\"https:\/\/cmediterraneo.com\/\",\"logo\":{\"@type\":\"ImageObject\",\"inLanguage\":\"es\",\"@id\":\"https:\/\/cmediterraneo.com\/#\/schema\/logo\/image\/\",\"url\":\"https:\/\/cmediterraneo.com\/wp-content\/uploads\/2026\/01\/cropped-Diseno-sin-titulo-4.png\",\"contentUrl\":\"https:\/\/cmediterraneo.com\/wp-content\/uploads\/2026\/01\/cropped-Diseno-sin-titulo-4.png\",\"width\":1563,\"height\":1082,\"caption\":\"Centro Mediterr\u00e1neo cl\u00ednica multidisciplinar\"},\"image\":{\"@id\":\"https:\/\/cmediterraneo.com\/#\/schema\/logo\/image\/\"},\"sameAs\":[\"https:\/\/www.instagram.com\/centro_mediterraneo\/\"]},{\"@type\":\"Person\",\"@id\":\"https:\/\/cmediterraneo.com\/#\/schema\/person\/fb117c80cc1420bf33ef6867dc471d2c\",\"name\":\"admin1147\",\"image\":{\"@type\":\"ImageObject\",\"inLanguage\":\"es\",\"@id\":\"https:\/\/cmediterraneo.com\/#\/schema\/person\/image\/\",\"url\":\"https:\/\/secure.gravatar.com\/avatar\/a04192ecd91b9a87dd111315ffb6e3aaa9772e6aecc5bcd65e9fc89b7e54dc60?s=96&d=mm&r=g\",\"contentUrl\":\"https:\/\/secure.gravatar.com\/avatar\/a04192ecd91b9a87dd111315ffb6e3aaa9772e6aecc5bcd65e9fc89b7e54dc60?s=96&d=mm&r=g\",\"caption\":\"admin1147\"},\"url\":\"https:\/\/cmediterraneo.com\/?author=1\"}]}<\/script>\n<!-- \/ Yoast SEO plugin. -->","yoast_head_json":{"title":"Centro mediterr\u00e1neo hablando sobre aditivos alimentarios - Centro Mediterr\u00e1neo","robots":{"index":"index","follow":"follow","max-snippet":"max-snippet:-1","max-image-preview":"max-image-preview:large","max-video-preview":"max-video-preview:-1"},"canonical":"https:\/\/cmediterraneo.com\/?p=233","og_locale":"es_ES","og_type":"article","og_title":"Centro mediterr\u00e1neo hablando sobre aditivos alimentarios - Centro Mediterr\u00e1neo","og_description":"Nuestra nutri Lluch Escudero particip\u00f3 como ponente en las jornadas organizadas por UNAE consumo Valencia y la asociaci\u00f3n Espa\u00f1ola de personas con alergia a alimentos y l\u00e1tex. Nuestra nutri habl\u00f3 y resolvi\u00f3 dudas acerca de los aditivos alimentarios que est\u00e1n presentes en nuestra dieta. Desde Centro Mediterr\u00e1neo queremos dar las gracias a todo el p\u00fablico&hellip;","og_url":"https:\/\/cmediterraneo.com\/?p=233","og_site_name":"Centro Mediterr\u00e1neo","article_published_time":"2017-10-25T15:28:35+00:00","article_modified_time":"2017-11-21T20:04:36+00:00","og_image":[{"width":2048,"height":1536,"url":"https:\/\/cmediterraneo.com\/wp-content\/uploads\/2017\/11\/23213059_219531098584271_2958645584170299063_o.jpg","type":"image\/jpeg"}],"author":"admin1147","twitter_card":"summary_large_image","twitter_misc":{"Escrito por":"admin1147"},"schema":{"@context":"https:\/\/schema.org","@graph":[{"@type":"Article","@id":"https:\/\/cmediterraneo.com\/?p=233#article","isPartOf":{"@id":"https:\/\/cmediterraneo.com\/?p=233"},"author":{"name":"admin1147","@id":"https:\/\/cmediterraneo.com\/#\/schema\/person\/fb117c80cc1420bf33ef6867dc471d2c"},"headline":"Centro mediterr\u00e1neo hablando sobre aditivos alimentarios","datePublished":"2017-10-25T15:28:35+00:00","dateModified":"2017-11-21T20:04:36+00:00","mainEntityOfPage":{"@id":"https:\/\/cmediterraneo.com\/?p=233"},"wordCount":105,"commentCount":0,"publisher":{"@id":"https:\/\/cmediterraneo.com\/#organization"},"image":{"@id":"https:\/\/cmediterraneo.com\/?p=233#primaryimage"},"thumbnailUrl":"https:\/\/cmediterraneo.com\/wp-content\/uploads\/2017\/11\/23213059_219531098584271_2958645584170299063_o.jpg","articleSection":["Noticias"],"inLanguage":"es","potentialAction":[{"@type":"CommentAction","name":"Comment","target":["https:\/\/cmediterraneo.com\/?p=233#respond"]}]},{"@type":"WebPage","@id":"https:\/\/cmediterraneo.com\/?p=233","url":"https:\/\/cmediterraneo.com\/?p=233","name":"Centro mediterr\u00e1neo hablando sobre aditivos alimentarios - Centro Mediterr\u00e1neo","isPartOf":{"@id":"https:\/\/cmediterraneo.com\/#website"},"primaryImageOfPage":{"@id":"https:\/\/cmediterraneo.com\/?p=233#primaryimage"},"image":{"@id":"https:\/\/cmediterraneo.com\/?p=233#primaryimage"},"thumbnailUrl":"https:\/\/cmediterraneo.com\/wp-content\/uploads\/2017\/11\/23213059_219531098584271_2958645584170299063_o.jpg","datePublished":"2017-10-25T15:28:35+00:00","dateModified":"2017-11-21T20:04:36+00:00","breadcrumb":{"@id":"https:\/\/cmediterraneo.com\/?p=233#breadcrumb"},"inLanguage":"es","potentialAction":[{"@type":"ReadAction","target":["https:\/\/cmediterraneo.com\/?p=233"]}]},{"@type":"ImageObject","inLanguage":"es","@id":"https:\/\/cmediterraneo.com\/?p=233#primaryimage","url":"https:\/\/cmediterraneo.com\/wp-content\/uploads\/2017\/11\/23213059_219531098584271_2958645584170299063_o.jpg","contentUrl":"https:\/\/cmediterraneo.com\/wp-content\/uploads\/2017\/11\/23213059_219531098584271_2958645584170299063_o.jpg","width":2048,"height":1536},{"@type":"BreadcrumbList","@id":"https:\/\/cmediterraneo.com\/?p=233#breadcrumb","itemListElement":[{"@type":"ListItem","position":1,"name":"Portada","item":"https:\/\/cmediterraneo.com\/"},{"@type":"ListItem","position":2,"name":"Centro mediterr\u00e1neo hablando sobre aditivos alimentarios"}]},{"@type":"WebSite","@id":"https:\/\/cmediterraneo.com\/#website","url":"https:\/\/cmediterraneo.com\/","name":"Centro Mediterr\u00e1neo","description":"Diet\u00e9tica y Nutrici\u00f3n","publisher":{"@id":"https:\/\/cmediterraneo.com\/#organization"},"potentialAction":[{"@type":"SearchAction","target":{"@type":"EntryPoint","urlTemplate":"https:\/\/cmediterraneo.com\/?s={search_term_string}"},"query-input":{"@type":"PropertyValueSpecification","valueRequired":true,"valueName":"search_term_string"}}],"inLanguage":"es"},{"@type":"Organization","@id":"https:\/\/cmediterraneo.com\/#organization","name":"Centro Mediterr\u00e1neo cl\u00ednica multidisciplinar","url":"https:\/\/cmediterraneo.com\/","logo":{"@type":"ImageObject","inLanguage":"es","@id":"https:\/\/cmediterraneo.com\/#\/schema\/logo\/image\/","url":"https:\/\/cmediterraneo.com\/wp-content\/uploads\/2026\/01\/cropped-Diseno-sin-titulo-4.png","contentUrl":"https:\/\/cmediterraneo.com\/wp-content\/uploads\/2026\/01\/cropped-Diseno-sin-titulo-4.png","width":1563,"height":1082,"caption":"Centro Mediterr\u00e1neo cl\u00ednica multidisciplinar"},"image":{"@id":"https:\/\/cmediterraneo.com\/#\/schema\/logo\/image\/"},"sameAs":["https:\/\/www.instagram.com\/centro_mediterraneo\/"]},{"@type":"Person","@id":"https:\/\/cmediterraneo.com\/#\/schema\/person\/fb117c80cc1420bf33ef6867dc471d2c","name":"admin1147","image":{"@type":"ImageObject","inLanguage":"es","@id":"https:\/\/cmediterraneo.com\/#\/schema\/person\/image\/","url":"https:\/\/secure.gravatar.com\/avatar\/a04192ecd91b9a87dd111315ffb6e3aaa9772e6aecc5bcd65e9fc89b7e54dc60?s=96&d=mm&r=g","contentUrl":"https:\/\/secure.gravatar.com\/avatar\/a04192ecd91b9a87dd111315ffb6e3aaa9772e6aecc5bcd65e9fc89b7e54dc60?s=96&d=mm&r=g","caption":"admin1147"},"url":"https:\/\/cmediterraneo.com\/?author=1"}]}},"_links":{"self":[{"href":"https:\/\/cmediterraneo.com\/index.php?rest_route=\/wp\/v2\/posts\/233","targetHints":{"allow":["GET"]}}],"collection":[{"href":"https:\/\/cmediterraneo.com\/index.php?rest_route=\/wp\/v2\/posts"}],"about":[{"href":"https:\/\/cmediterraneo.com\/index.php?rest_route=\/wp\/v2\/types\/post"}],"author":[{"embeddable":true,"href":"https:\/\/cmediterraneo.com\/index.php?rest_route=\/wp\/v2\/users\/1"}],"replies":[{"embeddable":true,"href":"https:\/\/cmediterraneo.com\/index.php?rest_route=%2Fwp%2Fv2%2Fcomments&post=233"}],"version-history":[{"count":6,"href":"https:\/\/cmediterraneo.com\/index.php?rest_route=\/wp\/v2\/posts\/233\/revisions"}],"predecessor-version":[{"id":245,"href":"https:\/\/cmediterraneo.com\/index.php?rest_route=\/wp\/v2\/posts\/233\/revisions\/245"}],"wp:featuredmedia":[{"embeddable":true,"href":"https:\/\/cmediterraneo.com\/index.php?rest_route=\/wp\/v2\/media\/239"}],"wp:attachment":[{"href":"https:\/\/cmediterraneo.com\/index.php?rest_route=%2Fwp%2Fv2%2Fmedia&parent=233"}],"wp:term":[{"taxonomy":"category","embeddable":true,"href":"https:\/\/cmediterraneo.com\/index.php?rest_route=%2Fwp%2Fv2%2Fcategories&post=233"},{"taxonomy":"post_tag","embeddable":true,"href":"https:\/\/cmediterraneo.com\/index.php?rest_route=%2Fwp%2Fv2%2Ftags&post=233"}],"curies":[{"name":"wp","href":"https:\/\/api.w.org\/{rel}","templated":true}]}}